{"id":1161,"date":"2017-06-27T17:02:05","date_gmt":"2017-06-27T15:02:05","guid":{"rendered":"http:\/\/www.lktwg.com\/?p=1161"},"modified":"2017-06-27T17:02:05","modified_gmt":"2017-06-27T15:02:05","slug":"debiut-bartka-wiczynskiego-mistrzostwach-swiata-endurance-pierwsze-miejsce-alpe-adria","status":"publish","type":"post","link":"https:\/\/www.lktwg.com\/en\/debiut-bartka-wiczynskiego-mistrzostwach-swiata-endurance-pierwsze-miejsce-alpe-adria\/","title":{"rendered":"Debiut Bartka Wiczy\u0144skiego w Mistrzostwach \u015awiata Endurance i pierwsze miejsce w Alpe Adria"},"content":{"rendered":"<p class=\"qtranxs-available-languages-message qtranxs-available-languages-message-en\">Sorry, this entry is only available in <a href=\"https:\/\/www.lktwg.com\/pl\/wp-json\/wp\/v2\/posts\/1161\" class=\"qtranxs-available-language-link qtranxs-available-language-link-pl\" title=\"Polski\">Polish<\/a>. For the sake of viewer convenience, the content is shown below in the alternative language. You may click the link to switch the active language.<\/p><style type=\"text\/css\"><\/style><p>W miniony weekend na \u00a0trudnym i technicznym torze Slovakia Ring zosta\u0142y rozegrane Mistrzostwa \u015awiata Endurance FIM EWC oraz kolejna runda WMMP po\u0142\u0105czonych z seri\u0105 Alpe Adria. Mamy pow\u00f3d do dumy, bo nasz zawodnik Bartek Wiczy\u0144ski wywalczy\u0142 \u015bwietne wyniki w obu cyklach u naszych po\u0142udniowych s\u0105siad\u00f3w.<br \/>\nStart w Endurance by\u0142 debiutem zar\u00f3wno dla naszego klubowicza jak i pozosta\u0142ych\u00a0cz\u0142onk\u00f3w zespo\u0142u W\u00f3jcik FHP YART Racing Team. Podczas 480 minutowego wy\u015bcigu kierowcy Bartek Wiczy\u0144ski, Marcin Walkowiak i Marek Szkopek na zmian\u0119 pokonywali dystans 5922m, kt\u00f3ry stanowi jedno pe\u0142ne okr\u0105\u017cenie \u00a0s\u0142owackiego toru. Kierowcy wymienili si\u0119 osiem razy, a \u0142\u0105cznie pokonali prawie 1200km i zaliczyli 208 p\u0119tli. Finalnie zesp\u00f3\u0142 uko\u0144czy\u0142 sw\u00f3j debiutancki start w M\u015a Endurance na 17 pozycji w klasyfikacji generalnej, 10 w kategorii EWC i 4 w trofeum Dunlopa. Wyniki pozwalaj\u0105 optymistycznie patrze\u0107 na kolejne starty w M\u015a Endurance i prawdopodobnie jeszcze b\u0119dziemy mieli okazj\u0119 trzyma\u0107 kciuki za Bartka w kolejnych rundach.<br \/>\nDzie\u0144 p\u00f3\u017aniej na Slovakia Ring zosta\u0142a rozegrana kolejna runda serii Alpe Adria po\u0142\u0105czona z III i IV rund\u0105 Wy\u015bcigowych Motocyklowych Mistrzostw Polski. Tego dnia Bartek Wiczy\u0144ski nie zwalnia\u0142 tempa po starcie w Endurance i pierwszy wy\u015bcig \u00a0Alpe Adria zako\u0144czy\u0142 na drugim miejscu. W kolejnym uplasowa\u0142 si\u0119 na 3 miejscu jednocze\u015bnie wygrywaj\u0105c oba wy\u015bcigi WMMP. Tym samym nasz klubowicz umocni\u0142 si\u0119 na pierwszej pozycji w klasyfikacji generalnej Mistrzostw Polski klasy Superstock 1000 oraz na prowadzeniu w Alpe Adria.<br \/>\n\u201eNa S\u0142owacji startowali\u015bmy nie tylko w wy\u015bcigach Alpe Adria, ale dzie\u0144 wcze\u015bniej tak\u017ce w mistrzostwach \u015bwiata Endurance, wi\u0119c by\u0142 to bardzo wymagaj\u0105cy weekend \u2013 relacjonuje Bartek Wiczy\u0144ski. \u2013 Ciesz\u0119 si\u0119 z kolejnych dw\u00f3ch zwyci\u0119stw w mistrzostwach Polski i cennych podi\u00f3w w Alpe Adria, dzi\u0119ki kt\u00f3rym nadal prowadzimy w tabeli obu serii.\u201d<\/p>\n<p>Kolejna runda Wy\u015bcigowych Motocyklowych Mistrzostw Polski zostanie rozegrana w stolicy Wielkopolski. Mi\u0119dzy 7 a 9 lipca w Poznaniu ponownie b\u0119dziemy mieli okazj\u0119 dopingowa\u0107 Bartka i innych zawodnik\u00f3w WMMP.<\/p>","protected":false},"excerpt":{"rendered":"<p>Sorry, this entry is only available in Polish. For the sake of viewer convenience, the content is shown below in the alternative language. You may click the link to switch the active language.W miniony weekend na \u00a0trudnym i technicznym torze Slovakia Ring zosta\u0142y rozegrane Mistrzostwa \u015awiata Endurance FIM EWC oraz kolejna runda WMMP po\u0142\u0105czonych z&#8230;<\/p>\n","protected":false},"author":4,"featured_media":1167,"comment_status":"closed","ping_status":"open","sticky":false,"template":"","format":"gallery","meta":[],"categories":[6],"tags":[109,107,108],"yoast_head":"<!-- This site is optimized with the Yoast SEO plugin v15.2.1 - https:\/\/yoast.com\/wordpress\/plugins\/seo\/ -->\n<title>Debiut Bartka Wiczy\u0144skiego w Mistrzostwach \u015awiata Endurance i pierwsze miejsce w Alpe Adria - LKT Wycz\u00f3\u0142 Go\u015bcieradz Polska<\/title>\n<meta name=\"robots\" content=\"index, follow, max-snippet:-1, max-image-preview:large, max-video-preview:-1\" \/>\n<link rel=\"canonical\" href=\"https:\/\/www.lktwg.com\/en\/debiut-bartka-wiczynskiego-mistrzostwach-swiata-endurance-pierwsze-miejsce-alpe-adria\/\" \/>\n<meta property=\"og:locale\" content=\"en_US\" \/>\n<meta property=\"og:type\" content=\"article\" \/>\n<meta property=\"og:title\" content=\"Debiut Bartka Wiczy\u0144skiego w Mistrzostwach \u015awiata Endurance i pierwsze miejsce w Alpe Adria - LKT Wycz\u00f3\u0142 Go\u015bcieradz Polska\" \/>\n<meta property=\"og:description\" content=\"Sorry, this entry is only available in Polish. For the sake of viewer convenience, the content is shown below in the alternative language. You may click the link to switch the active language.W miniony weekend na \u00a0trudnym i technicznym torze Slovakia Ring zosta\u0142y rozegrane Mistrzostwa \u015awiata Endurance FIM EWC oraz kolejna runda WMMP po\u0142\u0105czonych z...\" \/>\n<meta property=\"og:url\" content=\"https:\/\/www.lktwg.com\/en\/debiut-bartka-wiczynskiego-mistrzostwach-swiata-endurance-pierwsze-miejsce-alpe-adria\/\" \/>\n<meta property=\"og:site_name\" content=\"LKT Wycz\u00f3\u0142 Go\u015bcieradz Polska\" \/>\n<meta property=\"article:publisher\" content=\"https:\/\/www.facebook.com\/lktwyczol\/\" \/>\n<meta property=\"article:published_time\" content=\"2017-06-27T15:02:05+00:00\" \/>\n<meta property=\"og:image\" content=\"https:\/\/www.lktwg.com\/wp-content\/uploads\/2017\/06\/19417426_1248082938647375_6659486754694980870_o.jpg\" \/>\n\t<meta property=\"og:image:width\" content=\"2000\" \/>\n\t<meta property=\"og:image:height\" content=\"1333\" \/>\n<meta name=\"twitter:card\" content=\"summary\" \/>\n<meta name=\"twitter:label1\" content=\"Written by\">\n\t<meta name=\"twitter:data1\" content=\"Szymon Krupa\">\n\t<meta name=\"twitter:label2\" content=\"Est. reading time\">\n\t<meta name=\"twitter:data2\" content=\"1 minute\">\n<script type=\"application\/ld+json\" class=\"yoast-schema-graph\">{\"@context\":\"https:\/\/schema.org\",\"@graph\":[{\"@type\":\"WebSite\",\"@id\":\"https:\/\/www.lktwg.com\/en\/#website\",\"url\":\"https:\/\/www.lktwg.com\/en\/\",\"name\":\"LKT Wycz\\u00f3\\u0142 Go\\u015bcieradz Polska\",\"description\":\"Ludowy Klub Turystyczny\",\"potentialAction\":[{\"@type\":\"SearchAction\",\"target\":\"https:\/\/www.lktwg.com\/en\/?s={search_term_string}\",\"query-input\":\"required name=search_term_string\"}],\"inLanguage\":\"en-US\"},{\"@type\":\"ImageObject\",\"@id\":\"https:\/\/www.lktwg.com\/en\/debiut-bartka-wiczynskiego-mistrzostwach-swiata-endurance-pierwsze-miejsce-alpe-adria\/#primaryimage\",\"inLanguage\":\"en-US\",\"url\":\"https:\/\/www.lktwg.com\/wp-content\/uploads\/2017\/06\/19417426_1248082938647375_6659486754694980870_o.jpg\",\"width\":2000,\"height\":1333},{\"@type\":\"WebPage\",\"@id\":\"https:\/\/www.lktwg.com\/en\/debiut-bartka-wiczynskiego-mistrzostwach-swiata-endurance-pierwsze-miejsce-alpe-adria\/#webpage\",\"url\":\"https:\/\/www.lktwg.com\/en\/debiut-bartka-wiczynskiego-mistrzostwach-swiata-endurance-pierwsze-miejsce-alpe-adria\/\",\"name\":\"Debiut Bartka Wiczy\\u0144skiego w Mistrzostwach \\u015awiata Endurance i pierwsze miejsce w Alpe Adria - LKT Wycz\\u00f3\\u0142 Go\\u015bcieradz Polska\",\"isPartOf\":{\"@id\":\"https:\/\/www.lktwg.com\/en\/#website\"},\"primaryImageOfPage\":{\"@id\":\"https:\/\/www.lktwg.com\/en\/debiut-bartka-wiczynskiego-mistrzostwach-swiata-endurance-pierwsze-miejsce-alpe-adria\/#primaryimage\"},\"datePublished\":\"2017-06-27T15:02:05+00:00\",\"dateModified\":\"2017-06-27T15:02:05+00:00\",\"author\":{\"@id\":\"https:\/\/www.lktwg.com\/en\/#\/schema\/person\/6bdf16306d63f6890497ce5c248c00ab\"},\"inLanguage\":\"en-US\",\"potentialAction\":[{\"@type\":\"ReadAction\",\"target\":[\"https:\/\/www.lktwg.com\/en\/debiut-bartka-wiczynskiego-mistrzostwach-swiata-endurance-pierwsze-miejsce-alpe-adria\/\"]}]},{\"@type\":\"Person\",\"@id\":\"https:\/\/www.lktwg.com\/en\/#\/schema\/person\/6bdf16306d63f6890497ce5c248c00ab\",\"name\":\"Szymon Krupa\",\"image\":{\"@type\":\"ImageObject\",\"@id\":\"https:\/\/www.lktwg.com\/en\/#personlogo\",\"inLanguage\":\"en-US\",\"url\":\"https:\/\/secure.gravatar.com\/avatar\/c0e2b7c0f015fe0d6c14ac0951d89111?s=96&d=mm&r=g\",\"caption\":\"Szymon Krupa\"}}]}<\/script>\n<!-- \/ Yoast SEO plugin. -->","_links":{"self":[{"href":"https:\/\/www.lktwg.com\/en\/wp-json\/wp\/v2\/posts\/1161"}],"collection":[{"href":"https:\/\/www.lktwg.com\/en\/wp-json\/wp\/v2\/posts"}],"about":[{"href":"https:\/\/www.lktwg.com\/en\/wp-json\/wp\/v2\/types\/post"}],"author":[{"embeddable":true,"href":"https:\/\/www.lktwg.com\/en\/wp-json\/wp\/v2\/users\/4"}],"replies":[{"embeddable":true,"href":"https:\/\/www.lktwg.com\/en\/wp-json\/wp\/v2\/comments?post=1161"}],"version-history":[{"count":1,"href":"https:\/\/www.lktwg.com\/en\/wp-json\/wp\/v2\/posts\/1161\/revisions"}],"predecessor-version":[{"id":1169,"href":"https:\/\/www.lktwg.com\/en\/wp-json\/wp\/v2\/posts\/1161\/revisions\/1169"}],"wp:featuredmedia":[{"embeddable":true,"href":"https:\/\/www.lktwg.com\/en\/wp-json\/wp\/v2\/media\/1167"}],"wp:attachment":[{"href":"https:\/\/www.lktwg.com\/en\/wp-json\/wp\/v2\/media?parent=1161"}],"wp:term":[{"taxonomy":"category","embeddable":true,"href":"https:\/\/www.lktwg.com\/en\/wp-json\/wp\/v2\/categories?post=1161"},{"taxonomy":"post_tag","embeddable":true,"href":"https:\/\/www.lktwg.com\/en\/wp-json\/wp\/v2\/tags?post=1161"}],"curies":[{"name":"wp","href":"https:\/\/api.w.org\/{rel}","templated":true}]}}