{"id":1148,"date":"2017-06-24T06:31:32","date_gmt":"2017-06-24T04:31:32","guid":{"rendered":"http:\/\/www.lktwg.com\/?p=1148"},"modified":"2017-06-24T06:31:32","modified_gmt":"2017-06-24T04:31:32","slug":"6-rajd-ziemi-waleckiej-nami","status":"publish","type":"post","link":"https:\/\/www.lktwg.com\/en\/6-rajd-ziemi-waleckiej-nami\/","title":{"rendered":"6 Rajd Ziemi Wa\u0142eckiej za nami"},"content":{"rendered":"<p class=\"qtranxs-available-languages-message qtranxs-available-languages-message-en\">Sorry, this entry is only available in <a href=\"https:\/\/www.lktwg.com\/pl\/wp-json\/wp\/v2\/posts\/1148\" class=\"qtranxs-available-language-link qtranxs-available-language-link-pl\" title=\"Polski\">Polish<\/a>. For the sake of viewer convenience, the content is shown below in the alternative language. You may click the link to switch the active language.<\/p><style type=\"text\/css\"><\/style><p>Ponad 50 aut rywalizowa\u0142o w miniony weekend w Wa\u0142czu w 6 rundzie Rajdu Ziemi Wa\u0142eckiej, kt\u00f3ra by\u0142a jednocze\u015bnie 3 eliminacj\u0105 cyklu <a class=\"profileLink\" href=\"https:\/\/www.facebook.com\/rajdowempz\/?fref=mentions\" data-hovercard=\"\/ajax\/hovercard\/page.php?id=659576467504996&amp;extragetparams=%7B%22fref%22%3A%22mentions%22%7D\" data-hovercard-prefer-more-content-show=\"1\">Rajdowe Mistrzostwa Polski Zachodniej<\/a>. W\u015br\u00f3d zawodnik\u00f3w mieli\u015bmy dwie za\u0142ogi, kt\u00f3re reprezentowa\u0142y barwy naszego klubu. \u015awietnie poradzi\u0142a sobie team <a class=\"profileLink\" href=\"https:\/\/www.facebook.com\/scieszynski.rally.team\/?fref=mentions\" data-hovercard=\"\/ajax\/hovercard\/page.php?id=308234979374418&amp;extragetparams=%7B%22fref%22%3A%22mentions%22%7D\" data-hovercard-prefer-more-content-show=\"1\">Scieszynski Rally Team<\/a> w sk\u0142adzie Patryk \u015acieszy\u0144ski (kierowca) i <a class=\"profileLink\" href=\"https:\/\/www.facebook.com\/bartoszmichalski1984?fref=mentions\" data-hovercard=\"\/ajax\/hovercard\/user.php?id=100000178221251&amp;extragetparams=%7B%22fref%22%3A%22mentions%22%7D\" data-hovercard-prefer-more-content-show=\"1\">Bartek Michalski<\/a> (pilot), kt\u00f3rzy stan\u0119li na 2 stopniu podium w klasie 4. Tym samym po 3 rundach z doro<span class=\"text_exposed_show\">bkiem 23 punkt\u00f3w zajmuj\u0105 4 miejsce w klasyfikacji generalnej Rajdowych Mistrzostw Polski Zachodniej w swojej klasie. W zawodach bra\u0142a udzia\u0142 r\u00f3wnie\u017c za\u0142oga <a class=\"profileLink\" href=\"https:\/\/www.facebook.com\/wojciech.gotowski?fref=mentions\" data-hovercard=\"\/ajax\/hovercard\/user.php?id=100001045789033&amp;extragetparams=%7B%22fref%22%3A%22mentions%22%7D\" data-hovercard-prefer-more-content-show=\"1\">Wojciech Gotowski<\/a> i <a class=\"profileLink\" href=\"https:\/\/www.facebook.com\/marcindlugster?fref=mentions\" data-hovercard=\"\/ajax\/hovercard\/user.php?id=1812670573&amp;extragetparams=%7B%22fref%22%3A%22mentions%22%7D\" data-hovercard-prefer-more-content-show=\"1\">Marcin D\u0142ugo\u0142\u0119cki<\/a> w Mitsubishi Lancer. Nale\u017c\u0105 si\u0119 dla nich s\u0142owa uznania, bo pomimo awarii skrzyni bieg\u00f3w i zawieszenia zaj\u0119li 1 miejsce w klasie Go\u015b\u0107.<br \/>\nW klasie 3 autem Mitsubishi Colt wystartowali nasi klubowicze <a class=\"profileLink\" href=\"https:\/\/www.facebook.com\/profile.php?id=100004238646320&amp;fref=mentions\" data-hovercard=\"\/ajax\/hovercard\/user.php?id=100004238646320&amp;extragetparams=%7B%22fref%22%3A%22mentions%22%7D\" data-hovercard-prefer-more-content-show=\"1\">Kamil Zaroda<\/a> (kierowca) i <a class=\"profileLink\" href=\"https:\/\/www.facebook.com\/profile.php?id=100000335150643&amp;fref=mentions\" data-hovercard=\"\/ajax\/hovercard\/user.php?id=100000335150643&amp;extragetparams=%7B%22fref%22%3A%22mentions%22%7D\" data-hovercard-prefer-more-content-show=\"1\">\u0141ukasz Kasprzyk<\/a> (pilot), kt\u00f3rzy na mecie zameldowali si\u0119 na 7 pozycji w swojej klasie. \u0141ukasz tak oto wspomina weekendowe zmagania w Wa\u0142czu:<br \/>\n,,W sobot\u0119 czeka\u0142y na nas odcinki miejskie w samym Wa\u0142czu. By\u0142o technicznie, bardzo \u015blisko na bruku co zaowocowa\u0142o ma\u0142\u0105 obcierk\u0105 o kraw\u0119\u017cnik. Trasy przygotowane przez organizator\u00f3w przyci\u0105gn\u0119\u0142y t\u0142umy kibic\u00f3w, kt\u00f3rzy bardzo podgrzewali atmosfer\u0119. W pierwszym dniu rajdu zaliczyli\u015bmy kar\u0119 za potr\u0105cenie szykany i wynik nie by\u0142 zadowalaj\u0105cy.<br \/>\nNiedziela przywita\u0142a nas cudown\u0105 pogod\u0105, a po sobotnich zmaganiach wiedzieli\u015bmy, \u017ce dzi\u015b nie b\u0119dzie \u0142atwo. Pierwsza p\u0119tla by\u0142a do\u015b\u0107 wolna i zaliczyli\u015bmy kilkoma b\u0142\u0119d\u00f3w, co skutkowa\u0142o konieczno\u015bci\u0105 naprawy auta. Po szybkim serwisie, zmotywowani ruszyli\u015bmy na drugi odcinek. Pierwszych kilka kilometr\u00f3w by\u0142o bardzo szybkich &#8211; tr\u00f3jkowe i czw\u00f3rkowe zakr\u0119ty po \u015brodku lasu i przy malowniczym jeziorze \u2013 bardzo nam spodoba\u0142a si\u0119 ta cz\u0119\u015b\u0107.<br \/>\nTrzeci odcinek Kamil ruszy\u0142 bardzo ostro&#8230;jak si\u0119 za chwil\u0119 okaza\u0142o, za ostro Ju\u017c po kilkunastu sekundach wisieli\u015bmy w rowie. Na szcz\u0119\u015bcie uda\u0142o si\u0119 wypchn\u0105\u0107 auto, kt\u00f3re ca\u0142e szcz\u0119\u015bcie nie zosta\u0142o powa\u017cnie uszkodzone i mogli\u015bmy jecha\u0107 dalej. Niestety przez ten incydent stracili\u015bmy ponad minut\u0119 i przekre\u015bli\u0142o szans\u0119 na jak\u0105kolwiek walk\u0119 o podium. Film z tej akcji: <a href=\"https:\/\/l.facebook.com\/l.php?u=https%3A%2F%2Fwww.youtube.com%2Fwatch%3Fv%3DP2YfeWZqlEs&amp;h=ATOQiD4VHT1FZ82D9G4h02X3mggzYHR_8NmsczDlv2X_mIuaz2n8KYKx_t9midhn3T8G-TTKa8hwDiIZl_izGju8xyKALMtC3sbEatmCBqMNkKkk4ultdGt863fZUJEH2LFKSaW3CveVU-UNFCzoPQvb&amp;enc=AZM9uT_shEto-jRNV4tPLfYD_MPh8GPNN93inx0SZMWsxrSnA_zXXAm6GbJswJ7EAnEQzmHWovLL4-1CSDloU7A8u1z5AFX-bKYveAGkZT1UgtPKVPXfSlsUqetwoaBwYp-pBkIW2x8K_d7eQB0VNTWkJnTGREMAdtjBcW2PS3332tDFQQthRyPSiWnf4kppzKO9VvoTHBofQmNSOKGaZldt&amp;s=1\" target=\"_blank\" rel=\"nofollow noopener noreferrer\">https:\/\/www.youtube.com\/watch?v=P2YfeWZqlEs<\/a>.<br \/>\nRajd Ziemi Wa\u0142eckiej by\u0142 niezapomnianym prze\u017cyciem i z pewno\u015bci\u0105 wr\u00f3cili\u015bmy z du\u017cym baga\u017cem do\u015bwiadcze\u0144! Ju\u017c my\u015blimy o wrze\u015bniu i kolejnych dw\u00f3ch rajdach RMPZ &#8211; Rajd Chojnicki i <a class=\"profileLink\" href=\"https:\/\/www.facebook.com\/rajdkolobrzeski\/?fref=mentions\" data-hovercard=\"\/ajax\/hovercard\/page.php?id=918146764988463&amp;extragetparams=%7B%22fref%22%3A%22mentions%22%7D\" data-hovercard-prefer-more-content-show=\"1\">Rajd Ko\u0142obrzeski<\/a>. Do zobaczenia na odcinkach!\u201d<\/span><\/p>\n<div class=\"text_exposed_show\">\n<p>Mamy dla Was film z przejazdu Patryka i Bartosza Astr\u0105 GSI na odcinku PS Dworcowa:<br \/>\n<a href=\"https:\/\/www.youtube.com\/channel\/UCXGj8cA_G0PvHEsJYtqRJkQ\/videos\" target=\"_blank\" rel=\"nofollow noopener noreferrer\">https:\/\/www.youtube.com\/cha\u2026\/UCXGj8cA_G0PvHEsJYtqRJkQ\/videos<\/a><\/p>\n<\/div>\n<p><\/p>","protected":false},"excerpt":{"rendered":"<p>Sorry, this entry is only available in Polish. For the sake of viewer convenience, the content is shown below in the alternative language. You may click the link to switch the active language.Ponad 50 aut rywalizowa\u0142o w miniony weekend w Wa\u0142czu w 6 rundzie Rajdu Ziemi Wa\u0142eckiej, kt\u00f3ra by\u0142a jednocze\u015bnie 3 eliminacj\u0105 cyklu Rajdowe Mistrzostwa&#8230;<\/p>\n","protected":false},"author":4,"featured_media":1150,"comment_status":"closed","ping_status":"open","sticky":false,"template":"","format":"gallery","meta":[],"categories":[1],"tags":[104,103,100,101,102],"yoast_head":"<!-- This site is optimized with the Yoast SEO plugin v15.2.1 - https:\/\/yoast.com\/wordpress\/plugins\/seo\/ -->\n<title>6 Rajd Ziemi Wa\u0142eckiej za nami - LKT Wycz\u00f3\u0142 Go\u015bcieradz Polska<\/title>\n<meta name=\"robots\" content=\"index, follow, max-snippet:-1, max-image-preview:large, max-video-preview:-1\" \/>\n<link rel=\"canonical\" href=\"https:\/\/www.lktwg.com\/en\/6-rajd-ziemi-waleckiej-nami\/\" \/>\n<meta property=\"og:locale\" content=\"en_US\" \/>\n<meta property=\"og:type\" content=\"article\" \/>\n<meta property=\"og:title\" content=\"6 Rajd Ziemi Wa\u0142eckiej za nami - LKT Wycz\u00f3\u0142 Go\u015bcieradz Polska\" \/>\n<meta property=\"og:description\" content=\"Sorry, this entry is only available in Polish. For the sake of viewer convenience, the content is shown below in the alternative language. You may click the link to switch the active language.Ponad 50 aut rywalizowa\u0142o w miniony weekend w Wa\u0142czu w 6 rundzie Rajdu Ziemi Wa\u0142eckiej, kt\u00f3ra by\u0142a jednocze\u015bnie 3 eliminacj\u0105 cyklu Rajdowe Mistrzostwa...\" \/>\n<meta property=\"og:url\" content=\"https:\/\/www.lktwg.com\/en\/6-rajd-ziemi-waleckiej-nami\/\" \/>\n<meta property=\"og:site_name\" content=\"LKT Wycz\u00f3\u0142 Go\u015bcieradz Polska\" \/>\n<meta property=\"article:publisher\" content=\"https:\/\/www.facebook.com\/lktwyczol\/\" \/>\n<meta property=\"article:published_time\" content=\"2017-06-24T04:31:32+00:00\" \/>\n<meta property=\"og:image\" content=\"https:\/\/www.lktwg.com\/wp-content\/uploads\/2017\/06\/16602491_608402052702739_4061771630738156922_o.jpg\" \/>\n\t<meta property=\"og:image:width\" content=\"1920\" \/>\n\t<meta property=\"og:image:height\" content=\"1282\" \/>\n<meta name=\"twitter:card\" content=\"summary\" \/>\n<meta name=\"twitter:label1\" content=\"Written by\">\n\t<meta name=\"twitter:data1\" content=\"Szymon Krupa\">\n\t<meta name=\"twitter:label2\" content=\"Est. reading time\">\n\t<meta name=\"twitter:data2\" content=\"2 minutes\">\n<script type=\"application\/ld+json\" class=\"yoast-schema-graph\">{\"@context\":\"https:\/\/schema.org\",\"@graph\":[{\"@type\":\"WebSite\",\"@id\":\"https:\/\/www.lktwg.com\/en\/#website\",\"url\":\"https:\/\/www.lktwg.com\/en\/\",\"name\":\"LKT Wycz\\u00f3\\u0142 Go\\u015bcieradz Polska\",\"description\":\"Ludowy Klub Turystyczny\",\"potentialAction\":[{\"@type\":\"SearchAction\",\"target\":\"https:\/\/www.lktwg.com\/en\/?s={search_term_string}\",\"query-input\":\"required name=search_term_string\"}],\"inLanguage\":\"en-US\"},{\"@type\":\"ImageObject\",\"@id\":\"https:\/\/www.lktwg.com\/en\/6-rajd-ziemi-waleckiej-nami\/#primaryimage\",\"inLanguage\":\"en-US\",\"url\":\"https:\/\/www.lktwg.com\/wp-content\/uploads\/2017\/06\/16602491_608402052702739_4061771630738156922_o.jpg\",\"width\":1920,\"height\":1282},{\"@type\":\"WebPage\",\"@id\":\"https:\/\/www.lktwg.com\/en\/6-rajd-ziemi-waleckiej-nami\/#webpage\",\"url\":\"https:\/\/www.lktwg.com\/en\/6-rajd-ziemi-waleckiej-nami\/\",\"name\":\"6 Rajd Ziemi Wa\\u0142eckiej za nami - LKT Wycz\\u00f3\\u0142 Go\\u015bcieradz Polska\",\"isPartOf\":{\"@id\":\"https:\/\/www.lktwg.com\/en\/#website\"},\"primaryImageOfPage\":{\"@id\":\"https:\/\/www.lktwg.com\/en\/6-rajd-ziemi-waleckiej-nami\/#primaryimage\"},\"datePublished\":\"2017-06-24T04:31:32+00:00\",\"dateModified\":\"2017-06-24T04:31:32+00:00\",\"author\":{\"@id\":\"https:\/\/www.lktwg.com\/en\/#\/schema\/person\/6bdf16306d63f6890497ce5c248c00ab\"},\"inLanguage\":\"en-US\",\"potentialAction\":[{\"@type\":\"ReadAction\",\"target\":[\"https:\/\/www.lktwg.com\/en\/6-rajd-ziemi-waleckiej-nami\/\"]}]},{\"@type\":\"Person\",\"@id\":\"https:\/\/www.lktwg.com\/en\/#\/schema\/person\/6bdf16306d63f6890497ce5c248c00ab\",\"name\":\"Szymon Krupa\",\"image\":{\"@type\":\"ImageObject\",\"@id\":\"https:\/\/www.lktwg.com\/en\/#personlogo\",\"inLanguage\":\"en-US\",\"url\":\"https:\/\/secure.gravatar.com\/avatar\/c0e2b7c0f015fe0d6c14ac0951d89111?s=96&d=mm&r=g\",\"caption\":\"Szymon Krupa\"}}]}<\/script>\n<!-- \/ Yoast SEO plugin. -->","_links":{"self":[{"href":"https:\/\/www.lktwg.com\/en\/wp-json\/wp\/v2\/posts\/1148"}],"collection":[{"href":"https:\/\/www.lktwg.com\/en\/wp-json\/wp\/v2\/posts"}],"about":[{"href":"https:\/\/www.lktwg.com\/en\/wp-json\/wp\/v2\/types\/post"}],"author":[{"embeddable":true,"href":"https:\/\/www.lktwg.com\/en\/wp-json\/wp\/v2\/users\/4"}],"replies":[{"embeddable":true,"href":"https:\/\/www.lktwg.com\/en\/wp-json\/wp\/v2\/comments?post=1148"}],"version-history":[{"count":1,"href":"https:\/\/www.lktwg.com\/en\/wp-json\/wp\/v2\/posts\/1148\/revisions"}],"predecessor-version":[{"id":1157,"href":"https:\/\/www.lktwg.com\/en\/wp-json\/wp\/v2\/posts\/1148\/revisions\/1157"}],"wp:featuredmedia":[{"embeddable":true,"href":"https:\/\/www.lktwg.com\/en\/wp-json\/wp\/v2\/media\/1150"}],"wp:attachment":[{"href":"https:\/\/www.lktwg.com\/en\/wp-json\/wp\/v2\/media?parent=1148"}],"wp:term":[{"taxonomy":"category","embeddable":true,"href":"https:\/\/www.lktwg.com\/en\/wp-json\/wp\/v2\/categories?post=1148"},{"taxonomy":"post_tag","embeddable":true,"href":"https:\/\/www.lktwg.com\/en\/wp-json\/wp\/v2\/tags?post=1148"}],"curies":[{"name":"wp","href":"https:\/\/api.w.org\/{rel}","templated":true}]}}