{"id":1064,"date":"2017-06-07T07:09:04","date_gmt":"2017-06-07T05:09:04","guid":{"rendered":"http:\/\/www.lktwg.com\/?p=1064"},"modified":"2017-06-08T07:28:28","modified_gmt":"2017-06-08T05:28:28","slug":"5-zawodnikow-wyczola-supermoto-toruniu","status":"publish","type":"post","link":"https:\/\/www.lktwg.com\/en\/5-zawodnikow-wyczola-supermoto-toruniu\/","title":{"rendered":"6 zawodnik\u00f3w Wycz\u00f3\u0142a na Supermoto w Toruniu"},"content":{"rendered":"<style type=\"text\/css\"><\/style><p><\/p>\n<div id=\"js_aaw\" class=\"_5pbx userContent\" data-ft=\"{&quot;tn&quot;:&quot;K&quot;}\">\n<p>Po inauguracji sezonu supermoto w Bydgoszczy, gdzie LKT Wycz\u00f3\u0142 Go\u015bcieradz by\u0142 organizatorem I i II rundy Mistrzostw Polski i Pucharu Polski, zmagania zago\u015bci\u0142y w Toruniu. Przez dwa dni minionego weekendu ponad 90 zawodnik\u00f3w \u015bciga\u0142o si\u0119 na torze <a class=\"profileLink\" href=\"https:\/\/www.facebook.com\/awixracingarena\/?fref=mentions\" data-hovercard=\"\/ajax\/hovercard\/page.php?id=432130500171178&amp;extragetparams=%7B%22fref%22%3A%22mentions%22%7D\" data-hovercard-prefer-more-content-show=\"1\">Awix Racing Arena<\/a>, gdzie gospodarzem imprezy by\u0142 <a class=\"profileLink\" href=\"https:\/\/www.facebook.com\/pages\/Automobilklub-Wielkopolski\/874261392592758?fref=mentions\" data-hovercard=\"\/ajax\/hovercard\/page.php?id=874261392592758&amp;extragetparams=%7B%22fref%22%3A%22mentions%22%7D\" data-hovercard-prefer-more-content-show=\"1\">Automobilklub Wielkopolski<\/a>. Barwy klubowe reprezentowa\u0142o 5 zawodnik\u00f3w. W najmocniejszej klasie Mistrzostw Polski S2 wystartowali <a class=\"profileLink\" href=\"https:\/\/www.facebook.com\/profile.php?id=100011581444073&amp;fref=mentions\" data-hovercard=\"\/ajax\/hovercard\/user.php?id=100011581444073&amp;extragetparams=%7B%22fref%22%3A%22mentions%22%7D\" data-hovercard-prefer-more-content-show=\"1\">Micha\u0142 Pawlik<\/a> oraz <a class=\"profileLink\" href=\"https:\/\/www.facebook.com\/maciej.wisniewski.731?fref=mentions\" data-hovercard=\"\/ajax\/hovercard\/user.php?id=100003843341679&amp;extragetparams=%7B%22fref%22%3A%22mentions%22%7D\" data-hovercard-prefer-more-content-show=\"1\">Maciej Wi\u015bniewski<\/a>. Po dw\u00f3ch dniach zmaga\u0144 Fabio dorzuci\u0142 36 punkt\u00f3w do klasyfikacji sezonu zajmuj\u0105c 4 miejsce w klasyfikacji zawod\u00f3w. Na 11 pozycji zameldowa\u0142 si\u0119 Wi\u015bnia zdobywaj\u0105c pierwsze w tym sezonie 19 punkt\u00f3w. W Pucharze Polski C2 Maciej Michalski dojecha\u0142 na bardzo dobrej 9 pozycji i z 59 punktami zajmuje 11 miejsce w klasyfikacji generalnej. W tej samej klasie <a class=\"profileLink\" href=\"https:\/\/www.facebook.com\/dominik.dabrowski.79?fref=mentions\" data-hovercard=\"\/ajax\/hovercard\/user.php?id=1283793788&amp;extragetparams=%7B%22fref%22%3A%22mentions%22%7D\" data-hovercard-prefer-more-content-show=\"1\">Dominik Dabrowski<\/a> wr\u00f3ci\u0142 z Torunia z 13 lokat\u0105 i 17 punktami.<br \/>\nW sobotnich zmaganiach w klasie <a class=\"profileLink\" href=\"https:\/\/www.facebook.com\/PITBIKEMRF\/?fref=mentions\" data-hovercard=\"\/ajax\/hovercard\/page.php?id=445142635538171&amp;extragetparams=%7B%22fref%22%3A%22mentions%22%7D\" data-hovercard-prefer-more-content-show=\"1\">PitBike MRF<\/a> wystartowa\u0142 <a class=\"profileLink\" href=\"https:\/\/www.facebook.com\/remigiusz.prus?fref=mentions\" data-hovercard=\"\/ajax\/hovercard\/user.php?id=1321223556&amp;extragetparams=%7B%22fref%22%3A%22mentions%22%7D\" data-hovercard-prefer-more-content-show=\"1\">Remigiusz Prus<\/a> zdobywaj\u0105c w dw\u00f3ch biegach swoje pierwsze 9 punkt\u00f3w. Gratulujemy.<\/p>\n<p>Ekipa z <a class=\"profileLink\" href=\"https:\/\/www.facebook.com\/motokamera\/?fref=mentions\" data-hovercard=\"\/ajax\/hovercard\/page.php?id=470037549746077&amp;extragetparams=%7B%22fref%22%3A%22mentions%22%7D\" data-hovercard-prefer-more-content-show=\"1\">Moto Kamera<\/a> przygotowa\u0142a video relacj\u0119 z zawod\u00f3w:<br \/>\n<a href=\"https:\/\/www.youtube.com\/watch?v=7YonfFuB_pw\" target=\"_blank\" rel=\"nofollow noopener noreferrer\">https:\/\/www.youtube.com\/watch?v=7YonfFuB_pw<\/a><\/p>\n<p>Kolejne zmagania zawodnik\u00f3w supermoto odb\u0119d\u0105 si\u0119 blisko morza.W dniach 22-23.07 organizatorem IV i V rudny b\u0119dzie <a class=\"profileLink\" href=\"https:\/\/www.facebook.com\/motopark.koszalin\/?fref=mentions\" data-hovercard=\"\/ajax\/hovercard\/page.php?id=784917391527210&amp;extragetparams=%7B%22fref%22%3A%22mentions%22%7D\" data-hovercard-prefer-more-content-show=\"1\">Motopark Koszalin<\/a>. Trzymajmy kciuki za naszych zawodnik\u00f3w!<\/p>\n<\/div>\n<p><\/p>","protected":false},"excerpt":{"rendered":"<p>Po inauguracji sezonu supermoto w Bydgoszczy, gdzie LKT Wycz\u00f3\u0142 Go\u015bcieradz by\u0142 organizatorem I i II rundy Mistrzostw Polski i Pucharu Polski, zmagania zago\u015bci\u0142y w Toruniu. Przez dwa dni minionego weekendu ponad 90 zawodnik\u00f3w \u015bciga\u0142o si\u0119 na torze Awix Racing Arena, gdzie gospodarzem imprezy by\u0142 Automobilklub Wielkopolski. Barwy klubowe reprezentowa\u0142o 5 zawodnik\u00f3w. W najmocniejszej klasie Mistrzostw&#8230;<\/p>\n","protected":false},"author":4,"featured_media":1065,"comment_status":"closed","ping_status":"open","sticky":false,"template":"","format":"gallery","meta":[],"categories":[1],"tags":[94,95,96,93],"yoast_head":"<!-- This site is optimized with the Yoast SEO plugin v15.2.1 - https:\/\/yoast.com\/wordpress\/plugins\/seo\/ -->\n<title>6 zawodnik\u00f3w Wycz\u00f3\u0142a na Supermoto w Toruniu - LKT Wycz\u00f3\u0142 Go\u015bcieradz Polska<\/title>\n<meta name=\"robots\" content=\"index, follow, max-snippet:-1, max-image-preview:large, max-video-preview:-1\" \/>\n<link rel=\"canonical\" href=\"https:\/\/www.lktwg.com\/en\/5-zawodnikow-wyczola-supermoto-toruniu\/\" \/>\n<meta property=\"og:locale\" content=\"en_US\" \/>\n<meta property=\"og:type\" content=\"article\" \/>\n<meta property=\"og:title\" content=\"6 zawodnik\u00f3w Wycz\u00f3\u0142a na Supermoto w Toruniu - LKT Wycz\u00f3\u0142 Go\u015bcieradz Polska\" \/>\n<meta property=\"og:description\" content=\"Po inauguracji sezonu supermoto w Bydgoszczy, gdzie LKT Wycz\u00f3\u0142 Go\u015bcieradz by\u0142 organizatorem I i II rundy Mistrzostw Polski i Pucharu Polski, zmagania zago\u015bci\u0142y w Toruniu. Przez dwa dni minionego weekendu ponad 90 zawodnik\u00f3w \u015bciga\u0142o si\u0119 na torze Awix Racing Arena, gdzie gospodarzem imprezy by\u0142 Automobilklub Wielkopolski. Barwy klubowe reprezentowa\u0142o 5 zawodnik\u00f3w. W najmocniejszej klasie Mistrzostw...\" \/>\n<meta property=\"og:url\" content=\"https:\/\/www.lktwg.com\/en\/5-zawodnikow-wyczola-supermoto-toruniu\/\" \/>\n<meta property=\"og:site_name\" content=\"LKT Wycz\u00f3\u0142 Go\u015bcieradz Polska\" \/>\n<meta property=\"article:publisher\" content=\"https:\/\/www.facebook.com\/lktwyczol\/\" \/>\n<meta property=\"article:published_time\" content=\"2017-06-07T05:09:04+00:00\" \/>\n<meta property=\"article:modified_time\" content=\"2017-06-08T05:28:28+00:00\" \/>\n<meta property=\"og:image\" content=\"https:\/\/www.lktwg.com\/wp-content\/uploads\/2017\/06\/18839531_430757433958959_8932092556477900532_o.jpg\" \/>\n\t<meta property=\"og:image:width\" content=\"968\" \/>\n\t<meta property=\"og:image:height\" content=\"648\" \/>\n<meta name=\"twitter:card\" content=\"summary\" \/>\n<meta name=\"twitter:label1\" content=\"Written by\">\n\t<meta name=\"twitter:data1\" content=\"Szymon Krupa\">\n\t<meta name=\"twitter:label2\" content=\"Est. reading time\">\n\t<meta name=\"twitter:data2\" content=\"1 minute\">\n<script type=\"application\/ld+json\" class=\"yoast-schema-graph\">{\"@context\":\"https:\/\/schema.org\",\"@graph\":[{\"@type\":\"WebSite\",\"@id\":\"https:\/\/www.lktwg.com\/en\/#website\",\"url\":\"https:\/\/www.lktwg.com\/en\/\",\"name\":\"LKT Wycz\\u00f3\\u0142 Go\\u015bcieradz Polska\",\"description\":\"Ludowy Klub Turystyczny\",\"potentialAction\":[{\"@type\":\"SearchAction\",\"target\":\"https:\/\/www.lktwg.com\/en\/?s={search_term_string}\",\"query-input\":\"required name=search_term_string\"}],\"inLanguage\":\"en-US\"},{\"@type\":\"ImageObject\",\"@id\":\"https:\/\/www.lktwg.com\/en\/5-zawodnikow-wyczola-supermoto-toruniu\/#primaryimage\",\"inLanguage\":\"en-US\",\"url\":\"https:\/\/www.lktwg.com\/wp-content\/uploads\/2017\/06\/18839531_430757433958959_8932092556477900532_o.jpg\",\"width\":968,\"height\":648},{\"@type\":\"WebPage\",\"@id\":\"https:\/\/www.lktwg.com\/en\/5-zawodnikow-wyczola-supermoto-toruniu\/#webpage\",\"url\":\"https:\/\/www.lktwg.com\/en\/5-zawodnikow-wyczola-supermoto-toruniu\/\",\"name\":\"6 zawodnik\\u00f3w Wycz\\u00f3\\u0142a na Supermoto w Toruniu - LKT Wycz\\u00f3\\u0142 Go\\u015bcieradz Polska\",\"isPartOf\":{\"@id\":\"https:\/\/www.lktwg.com\/en\/#website\"},\"primaryImageOfPage\":{\"@id\":\"https:\/\/www.lktwg.com\/en\/5-zawodnikow-wyczola-supermoto-toruniu\/#primaryimage\"},\"datePublished\":\"2017-06-07T05:09:04+00:00\",\"dateModified\":\"2017-06-08T05:28:28+00:00\",\"author\":{\"@id\":\"https:\/\/www.lktwg.com\/en\/#\/schema\/person\/6bdf16306d63f6890497ce5c248c00ab\"},\"inLanguage\":\"en-US\",\"potentialAction\":[{\"@type\":\"ReadAction\",\"target\":[\"https:\/\/www.lktwg.com\/en\/5-zawodnikow-wyczola-supermoto-toruniu\/\"]}]},{\"@type\":\"Person\",\"@id\":\"https:\/\/www.lktwg.com\/en\/#\/schema\/person\/6bdf16306d63f6890497ce5c248c00ab\",\"name\":\"Szymon Krupa\",\"image\":{\"@type\":\"ImageObject\",\"@id\":\"https:\/\/www.lktwg.com\/en\/#personlogo\",\"inLanguage\":\"en-US\",\"url\":\"https:\/\/secure.gravatar.com\/avatar\/c0e2b7c0f015fe0d6c14ac0951d89111?s=96&d=mm&r=g\",\"caption\":\"Szymon Krupa\"}}]}<\/script>\n<!-- \/ Yoast SEO plugin. -->","_links":{"self":[{"href":"https:\/\/www.lktwg.com\/en\/wp-json\/wp\/v2\/posts\/1064"}],"collection":[{"href":"https:\/\/www.lktwg.com\/en\/wp-json\/wp\/v2\/posts"}],"about":[{"href":"https:\/\/www.lktwg.com\/en\/wp-json\/wp\/v2\/types\/post"}],"author":[{"embeddable":true,"href":"https:\/\/www.lktwg.com\/en\/wp-json\/wp\/v2\/users\/4"}],"replies":[{"embeddable":true,"href":"https:\/\/www.lktwg.com\/en\/wp-json\/wp\/v2\/comments?post=1064"}],"version-history":[{"count":2,"href":"https:\/\/www.lktwg.com\/en\/wp-json\/wp\/v2\/posts\/1064\/revisions"}],"predecessor-version":[{"id":1079,"href":"https:\/\/www.lktwg.com\/en\/wp-json\/wp\/v2\/posts\/1064\/revisions\/1079"}],"wp:featuredmedia":[{"embeddable":true,"href":"https:\/\/www.lktwg.com\/en\/wp-json\/wp\/v2\/media\/1065"}],"wp:attachment":[{"href":"https:\/\/www.lktwg.com\/en\/wp-json\/wp\/v2\/media?parent=1064"}],"wp:term":[{"taxonomy":"category","embeddable":true,"href":"https:\/\/www.lktwg.com\/en\/wp-json\/wp\/v2\/categories?post=1064"},{"taxonomy":"post_tag","embeddable":true,"href":"https:\/\/www.lktwg.com\/en\/wp-json\/wp\/v2\/tags?post=1064"}],"curies":[{"name":"wp","href":"https:\/\/api.w.org\/{rel}","templated":true}]}}