{"id":1056,"date":"2017-06-06T06:53:19","date_gmt":"2017-06-06T04:53:19","guid":{"rendered":"http:\/\/www.lktwg.com\/?p=1056"},"modified":"2017-06-06T06:53:19","modified_gmt":"2017-06-06T04:53:19","slug":"max-szulc-enduro-walbrzychu","status":"publish","type":"post","link":"https:\/\/www.lktwg.com\/en\/max-szulc-enduro-walbrzychu\/","title":{"rendered":"Max Szulc i Enduro w Wa\u0142brzychu"},"content":{"rendered":"<p class=\"qtranxs-available-languages-message qtranxs-available-languages-message-en\">Sorry, this entry is only available in <a href=\"https:\/\/www.lktwg.com\/pl\/wp-json\/wp\/v2\/posts\/1056\" class=\"qtranxs-available-language-link qtranxs-available-language-link-pl\" title=\"Polski\">Polish<\/a>. For the sake of viewer convenience, the content is shown below in the alternative language. You may click the link to switch the active language.<\/p><style type=\"text\/css\"><\/style><p>Kurz ju\u017c dawno opad\u0142 na ha\u0142dzie Wies\u0142aw, gdzie w dniach 20-21.05 Wa\u0142brzyskie Stowarzyszenie Motosportu Che\u0142miec zorganizowa\u0142o I i II rund\u0119 Mistrzostw Polski i Pucharu Polski w rajdach Enduro. Wy\u015bcigi w Wa\u0142brzychu s\u0105 zaliczane do jednych z najtrudniejszych, poniewa\u017c trasa biegnie przez ha\u0142d\u0119, a zawodnicy maj\u0105 do pokonania trudne technicznie odcinki, cz\u0119sto z du\u017c\u0105 ilo\u015bci\u0105 g\u0142az\u00f3w i py\u0142u.<\/p>\n<p>W zawodach wzi\u0105\u0142 udzia\u0142 nasz zawodnik Maksym Szulc, kt\u00f3ry dosiadaj\u0105c quada Yamaha YFZ 450R wystartowa\u0142 w Pucharze Polski w klasie Quad Open. Max tak relacjonuje rajd:<\/p>\n<p>,,Na enduro w Wa\u0142brzychu wybiera\u0142em si\u0119 ze zmieszanymi uczuciami z jednej strony nie lubi\u0119 takich rajd\u00f3w ani terenu Wa\u0142brzycha, ale z drugiej by\u0142a to kolejna mo\u017cliwo\u015b\u0107 nauki i rywalizacji na nowych quadach. W sobot\u0119 okaza\u0142o si\u0119, \u017ce zawody b\u0119d\u0105 mia\u0142y bardzo kr\u00f3tki wymiar, a pierwszy liczony odcinek jest ju\u017c 2 metry po starcie do rajdu. Na pierwszej p\u0119tli pope\u0142ni\u0142em b\u0142\u0105d przez co my\u015bla\u0142em, \u017ce przesta\u0142em liczy\u0107 si\u0119 w walce o zwyci\u0119stwo, poniewa\u017c to niedoci\u0105gni\u0119cie kosztowa\u0142o mnie oko\u0142o minuty straty. Jak si\u0119 p\u00f3\u017aniej okaza\u0142o ten odcinek uko\u0144czy\u0142em na trzecim miejscu ze strat\u0105 tylko 10 sekund do zwyci\u0119zcy. Kolejne etapy jecha\u0142em ju\u017c r\u00f3wno i wszystkie sze\u015b\u0107 odcink\u00f3w wygrywa\u0142em z przewaga od 30 sekund do ponad minuty nad drugim zawodnikiem. W niedziele posz\u0142o mieszanie, po stracie narzuci\u0142em du\u017ce t\u0119po lecz tylko 2 km wytrzyma\u0142 quad, na miejscu awarii pr\u00f3bowa\u0142em jeszcze reanimowa\u0107 sprz\u0119t, ale niestety si\u0119 nie uda\u0142o.\u201d<\/p>\n<p>Kolejne zawody ju\u017c 17-18 czerwca w Lidzbarku Warmi\u0144skim, gdzie zostanie rozegrana III i IV runda Mistrzostw Polski i Pucharu Polski.<\/p>","protected":false},"excerpt":{"rendered":"<p>Sorry, this entry is only available in Polish. For the sake of viewer convenience, the content is shown below in the alternative language. You may click the link to switch the active language.Kurz ju\u017c dawno opad\u0142 na ha\u0142dzie Wies\u0142aw, gdzie w dniach 20-21.05 Wa\u0142brzyskie Stowarzyszenie Motosportu Che\u0142miec zorganizowa\u0142o I i II rund\u0119 Mistrzostw Polski i&#8230;<\/p>\n","protected":false},"author":4,"featured_media":1061,"comment_status":"closed","ping_status":"open","sticky":false,"template":"","format":"gallery","meta":[],"categories":[58,57],"tags":[71,88,91,92,79,89,90],"yoast_head":"<!-- This site is optimized with the Yoast SEO plugin v15.2.1 - https:\/\/yoast.com\/wordpress\/plugins\/seo\/ -->\n<title>Max Szulc i Enduro w Wa\u0142brzychu - LKT Wycz\u00f3\u0142 Go\u015bcieradz Polska<\/title>\n<meta name=\"robots\" content=\"index, follow, max-snippet:-1, max-image-preview:large, max-video-preview:-1\" \/>\n<link rel=\"canonical\" href=\"https:\/\/www.lktwg.com\/en\/max-szulc-enduro-walbrzychu\/\" \/>\n<meta property=\"og:locale\" content=\"en_US\" \/>\n<meta property=\"og:type\" content=\"article\" \/>\n<meta property=\"og:title\" content=\"Max Szulc i Enduro w Wa\u0142brzychu - LKT Wycz\u00f3\u0142 Go\u015bcieradz Polska\" \/>\n<meta property=\"og:description\" content=\"Sorry, this entry is only available in Polish. For the sake of viewer convenience, the content is shown below in the alternative language. You may click the link to switch the active language.Kurz ju\u017c dawno opad\u0142 na ha\u0142dzie Wies\u0142aw, gdzie w dniach 20-21.05 Wa\u0142brzyskie Stowarzyszenie Motosportu Che\u0142miec zorganizowa\u0142o I i II rund\u0119 Mistrzostw Polski i...\" \/>\n<meta property=\"og:url\" content=\"https:\/\/www.lktwg.com\/en\/max-szulc-enduro-walbrzychu\/\" \/>\n<meta property=\"og:site_name\" content=\"LKT Wycz\u00f3\u0142 Go\u015bcieradz Polska\" \/>\n<meta property=\"article:publisher\" content=\"https:\/\/www.facebook.com\/lktwyczol\/\" \/>\n<meta property=\"article:published_time\" content=\"2017-06-06T04:53:19+00:00\" \/>\n<meta property=\"og:image\" content=\"https:\/\/www.lktwg.com\/wp-content\/uploads\/2017\/06\/18881797_1570079966367373_2337308790357591213_n.jpg\" \/>\n\t<meta property=\"og:image:width\" content=\"960\" \/>\n\t<meta property=\"og:image:height\" content=\"720\" \/>\n<meta name=\"twitter:card\" content=\"summary\" \/>\n<meta name=\"twitter:label1\" content=\"Written by\">\n\t<meta name=\"twitter:data1\" content=\"Szymon Krupa\">\n\t<meta name=\"twitter:label2\" content=\"Est. reading time\">\n\t<meta name=\"twitter:data2\" content=\"1 minute\">\n<script type=\"application\/ld+json\" class=\"yoast-schema-graph\">{\"@context\":\"https:\/\/schema.org\",\"@graph\":[{\"@type\":\"WebSite\",\"@id\":\"https:\/\/www.lktwg.com\/en\/#website\",\"url\":\"https:\/\/www.lktwg.com\/en\/\",\"name\":\"LKT Wycz\\u00f3\\u0142 Go\\u015bcieradz Polska\",\"description\":\"Ludowy Klub Turystyczny\",\"potentialAction\":[{\"@type\":\"SearchAction\",\"target\":\"https:\/\/www.lktwg.com\/en\/?s={search_term_string}\",\"query-input\":\"required name=search_term_string\"}],\"inLanguage\":\"en-US\"},{\"@type\":\"ImageObject\",\"@id\":\"https:\/\/www.lktwg.com\/en\/max-szulc-enduro-walbrzychu\/#primaryimage\",\"inLanguage\":\"en-US\",\"url\":\"https:\/\/www.lktwg.com\/wp-content\/uploads\/2017\/06\/18881797_1570079966367373_2337308790357591213_n.jpg\",\"width\":960,\"height\":720},{\"@type\":\"WebPage\",\"@id\":\"https:\/\/www.lktwg.com\/en\/max-szulc-enduro-walbrzychu\/#webpage\",\"url\":\"https:\/\/www.lktwg.com\/en\/max-szulc-enduro-walbrzychu\/\",\"name\":\"Max Szulc i Enduro w Wa\\u0142brzychu - LKT Wycz\\u00f3\\u0142 Go\\u015bcieradz Polska\",\"isPartOf\":{\"@id\":\"https:\/\/www.lktwg.com\/en\/#website\"},\"primaryImageOfPage\":{\"@id\":\"https:\/\/www.lktwg.com\/en\/max-szulc-enduro-walbrzychu\/#primaryimage\"},\"datePublished\":\"2017-06-06T04:53:19+00:00\",\"dateModified\":\"2017-06-06T04:53:19+00:00\",\"author\":{\"@id\":\"https:\/\/www.lktwg.com\/en\/#\/schema\/person\/6bdf16306d63f6890497ce5c248c00ab\"},\"inLanguage\":\"en-US\",\"potentialAction\":[{\"@type\":\"ReadAction\",\"target\":[\"https:\/\/www.lktwg.com\/en\/max-szulc-enduro-walbrzychu\/\"]}]},{\"@type\":\"Person\",\"@id\":\"https:\/\/www.lktwg.com\/en\/#\/schema\/person\/6bdf16306d63f6890497ce5c248c00ab\",\"name\":\"Szymon Krupa\",\"image\":{\"@type\":\"ImageObject\",\"@id\":\"https:\/\/www.lktwg.com\/en\/#personlogo\",\"inLanguage\":\"en-US\",\"url\":\"https:\/\/secure.gravatar.com\/avatar\/c0e2b7c0f015fe0d6c14ac0951d89111?s=96&d=mm&r=g\",\"caption\":\"Szymon Krupa\"}}]}<\/script>\n<!-- \/ Yoast SEO plugin. -->","_links":{"self":[{"href":"https:\/\/www.lktwg.com\/en\/wp-json\/wp\/v2\/posts\/1056"}],"collection":[{"href":"https:\/\/www.lktwg.com\/en\/wp-json\/wp\/v2\/posts"}],"about":[{"href":"https:\/\/www.lktwg.com\/en\/wp-json\/wp\/v2\/types\/post"}],"author":[{"embeddable":true,"href":"https:\/\/www.lktwg.com\/en\/wp-json\/wp\/v2\/users\/4"}],"replies":[{"embeddable":true,"href":"https:\/\/www.lktwg.com\/en\/wp-json\/wp\/v2\/comments?post=1056"}],"version-history":[{"count":1,"href":"https:\/\/www.lktwg.com\/en\/wp-json\/wp\/v2\/posts\/1056\/revisions"}],"predecessor-version":[{"id":1063,"href":"https:\/\/www.lktwg.com\/en\/wp-json\/wp\/v2\/posts\/1056\/revisions\/1063"}],"wp:featuredmedia":[{"embeddable":true,"href":"https:\/\/www.lktwg.com\/en\/wp-json\/wp\/v2\/media\/1061"}],"wp:attachment":[{"href":"https:\/\/www.lktwg.com\/en\/wp-json\/wp\/v2\/media?parent=1056"}],"wp:term":[{"taxonomy":"category","embeddable":true,"href":"https:\/\/www.lktwg.com\/en\/wp-json\/wp\/v2\/categories?post=1056"},{"taxonomy":"post_tag","embeddable":true,"href":"https:\/\/www.lktwg.com\/en\/wp-json\/wp\/v2\/tags?post=1056"}],"curies":[{"name":"wp","href":"https:\/\/api.w.org\/{rel}","templated":true}]}}