{"id":1043,"date":"2017-05-28T22:17:25","date_gmt":"2017-05-28T20:17:25","guid":{"rendered":"http:\/\/www.lktwg.com\/?p=1043"},"modified":"2017-05-28T22:17:25","modified_gmt":"2017-05-28T20:17:25","slug":"marcin-gagacki-7-miejscu-rajd-gdansk-baltic-cup","status":"publish","type":"post","link":"https:\/\/www.lktwg.com\/en\/marcin-gagacki-7-miejscu-rajd-gdansk-baltic-cup\/","title":{"rendered":"Marcin Gagacki na 7 miejscu w Rajd Gda\u0144sk Baltic Cup"},"content":{"rendered":"<p class=\"qtranxs-available-languages-message qtranxs-available-languages-message-en\">Sorry, this entry is only available in <a href=\"https:\/\/www.lktwg.com\/pl\/wp-json\/wp\/v2\/posts\/1043\" class=\"qtranxs-available-language-link qtranxs-available-language-link-pl\" title=\"Polski\">Polish<\/a>. For the sake of viewer convenience, the content is shown below in the alternative language. You may click the link to switch the active language.<\/p><style type=\"text\/css\"><\/style><p><\/p>\n<div class=\"_2cuy _3dgx _2vxa\">\u015awietna informacja na zako\u0144czenie weekendu: 7 miejsce ,,Gacka&#8221;\u00a0 w klasyfikacji generalnej Rajdu Gda\u0144sk Baltic Cup!<\/div>\n<div class=\"_2cuy _3dgx _2vxa\">W swoim debiucie samochodem klasy R5 na szutrze, duet Marcin Gagacki i Marcin Bilski stara\u0142 si\u0119 przede wszystkim dotrze\u0107 do mety i pokona\u0107 jak najwi\u0119cej kilometr\u00f3w potrzebnych, by pozna\u0107 mo\u017cliwo\u015bci Skody Fabii R5, a tak\u017ce oswoi\u0107 si\u0119 z zachowaniem nowego samochodu na lu\u017anej nawierzchni. Cel zosta\u0142 osi\u0105gni\u0119ty! Reprezentanci Oponeo Motorsport zameldowali si\u0119 na mecie Rajdu Gda\u0144sk Baltic Cup na si\u00f3dmej pozycji w klasyfikacji generalnej zawod\u00f3w (na 32 zg\u0142oszone za\u0142ogi). Tym samym Gagacki i Bilski zdobyli w Gda\u0144sku cenne 6 punkt\u00f3w do klasyfikacji Mistrzostw Polski.<\/div>\n<div class=\"_2cuy _3dgx _2vxa\">W rajdzie najlepsi byli Filip Nivette z Kamilem Hellerem w Skodzie Fabii R5. Drug\u0105 pozycj\u0119 wywalczy\u0142a litewska za\u0142oga Dominikas Butvilas\/Renatas Vaitkevicius (r\u00f3wnie\u017c Skoda Fabia R5), a ostatnie miejsce na podium zaj\u0119\u0142a za\u0142oga Bryan Bouffier (Ford Fiesta Proto) i Gilbert Dini.<\/div>\n<div class=\"_2cuy _3dgx _2vxa\">Po Rajdzie Gda\u0144sk Baltic Cup Gagacki i Bilski zajmuj\u0105 pi\u0105t\u0105 pozycj\u0119 w punktacji InterCars Rajdowych Samochodowych Mistrzostw Polski 2017. W dw\u00f3ch rozegranych do tej pory rundach RSMP za\u0142oga Oponeo Motorsport zgromadzi\u0142a \u0142\u0105cznie 19 punkt\u00f3w.<\/div>\n<div class=\"_2cuy _3dgx _2vxa\"><\/div>\n<div class=\"_2cuy _3dgx _2vxa\">Kolejne przystanek na mapie RSMP to Podkarpacie, gdzie w dniach 3-5 sierpnia zostanie rozegrany 26. Rajd Rzeszowski, kt\u00f3ry b\u0119dzie r\u00f3wnie\u017c 5 rund\u0105 w Rajdowych Mistrzostwach Europy 2017.<\/div>\n<div class=\"_2cuy _3dgx _2vxa\"><\/div>\n<div class=\"_2cuy _3dgx _2vxa\">On-board z pok\u0142adu Skody Fabia R5: https:\/\/www.facebook.com\/gagacki\/videos\/1034524826684371\/<\/div>\n<p><\/p>","protected":false},"excerpt":{"rendered":"<p>Sorry, this entry is only available in Polish. For the sake of viewer convenience, the content is shown below in the alternative language. You may click the link to switch the active language. \u015awietna informacja na zako\u0144czenie weekendu: 7 miejsce ,,Gacka&#8221;\u00a0 w klasyfikacji generalnej Rajdu Gda\u0144sk Baltic Cup! W swoim debiucie samochodem klasy R5 na&#8230;<\/p>\n","protected":false},"author":4,"featured_media":1051,"comment_status":"closed","ping_status":"open","sticky":false,"template":"","format":"gallery","meta":[],"categories":[1],"tags":[87,86,85],"yoast_head":"<!-- This site is optimized with the Yoast SEO plugin v15.2.1 - https:\/\/yoast.com\/wordpress\/plugins\/seo\/ -->\n<title>Marcin Gagacki na 7 miejscu w Rajd Gda\u0144sk Baltic Cup - LKT Wycz\u00f3\u0142 Go\u015bcieradz Polska<\/title>\n<meta name=\"robots\" content=\"index, follow, max-snippet:-1, max-image-preview:large, max-video-preview:-1\" \/>\n<link rel=\"canonical\" href=\"https:\/\/www.lktwg.com\/en\/marcin-gagacki-7-miejscu-rajd-gdansk-baltic-cup\/\" \/>\n<meta property=\"og:locale\" content=\"en_US\" \/>\n<meta property=\"og:type\" content=\"article\" \/>\n<meta property=\"og:title\" content=\"Marcin Gagacki na 7 miejscu w Rajd Gda\u0144sk Baltic Cup - LKT Wycz\u00f3\u0142 Go\u015bcieradz Polska\" \/>\n<meta property=\"og:description\" content=\"Sorry, this entry is only available in Polish. For the sake of viewer convenience, the content is shown below in the alternative language. You may click the link to switch the active language. \u015awietna informacja na zako\u0144czenie weekendu: 7 miejsce ,,Gacka&#8221;\u00a0 w klasyfikacji generalnej Rajdu Gda\u0144sk Baltic Cup! W swoim debiucie samochodem klasy R5 na...\" \/>\n<meta property=\"og:url\" content=\"https:\/\/www.lktwg.com\/en\/marcin-gagacki-7-miejscu-rajd-gdansk-baltic-cup\/\" \/>\n<meta property=\"og:site_name\" content=\"LKT Wycz\u00f3\u0142 Go\u015bcieradz Polska\" \/>\n<meta property=\"article:publisher\" content=\"https:\/\/www.facebook.com\/lktwyczol\/\" \/>\n<meta property=\"article:published_time\" content=\"2017-05-28T20:17:25+00:00\" \/>\n<meta property=\"og:image\" content=\"https:\/\/www.lktwg.com\/wp-content\/uploads\/2017\/05\/18814700_1035020263301494_7549208971378153637_o-1.jpg\" \/>\n\t<meta property=\"og:image:width\" content=\"1081\" \/>\n\t<meta property=\"og:image:height\" content=\"720\" \/>\n<meta name=\"twitter:card\" content=\"summary\" \/>\n<meta name=\"twitter:label1\" content=\"Written by\">\n\t<meta name=\"twitter:data1\" content=\"Szymon Krupa\">\n\t<meta name=\"twitter:label2\" content=\"Est. reading time\">\n\t<meta name=\"twitter:data2\" content=\"1 minute\">\n<script type=\"application\/ld+json\" class=\"yoast-schema-graph\">{\"@context\":\"https:\/\/schema.org\",\"@graph\":[{\"@type\":\"WebSite\",\"@id\":\"https:\/\/www.lktwg.com\/en\/#website\",\"url\":\"https:\/\/www.lktwg.com\/en\/\",\"name\":\"LKT Wycz\\u00f3\\u0142 Go\\u015bcieradz Polska\",\"description\":\"Ludowy Klub Turystyczny\",\"potentialAction\":[{\"@type\":\"SearchAction\",\"target\":\"https:\/\/www.lktwg.com\/en\/?s={search_term_string}\",\"query-input\":\"required name=search_term_string\"}],\"inLanguage\":\"en-US\"},{\"@type\":\"ImageObject\",\"@id\":\"https:\/\/www.lktwg.com\/en\/marcin-gagacki-7-miejscu-rajd-gdansk-baltic-cup\/#primaryimage\",\"inLanguage\":\"en-US\",\"url\":\"https:\/\/www.lktwg.com\/wp-content\/uploads\/2017\/05\/18814700_1035020263301494_7549208971378153637_o-1.jpg\",\"width\":1081,\"height\":720},{\"@type\":\"WebPage\",\"@id\":\"https:\/\/www.lktwg.com\/en\/marcin-gagacki-7-miejscu-rajd-gdansk-baltic-cup\/#webpage\",\"url\":\"https:\/\/www.lktwg.com\/en\/marcin-gagacki-7-miejscu-rajd-gdansk-baltic-cup\/\",\"name\":\"Marcin Gagacki na 7 miejscu w Rajd Gda\\u0144sk Baltic Cup - LKT Wycz\\u00f3\\u0142 Go\\u015bcieradz Polska\",\"isPartOf\":{\"@id\":\"https:\/\/www.lktwg.com\/en\/#website\"},\"primaryImageOfPage\":{\"@id\":\"https:\/\/www.lktwg.com\/en\/marcin-gagacki-7-miejscu-rajd-gdansk-baltic-cup\/#primaryimage\"},\"datePublished\":\"2017-05-28T20:17:25+00:00\",\"dateModified\":\"2017-05-28T20:17:25+00:00\",\"author\":{\"@id\":\"https:\/\/www.lktwg.com\/en\/#\/schema\/person\/6bdf16306d63f6890497ce5c248c00ab\"},\"inLanguage\":\"en-US\",\"potentialAction\":[{\"@type\":\"ReadAction\",\"target\":[\"https:\/\/www.lktwg.com\/en\/marcin-gagacki-7-miejscu-rajd-gdansk-baltic-cup\/\"]}]},{\"@type\":\"Person\",\"@id\":\"https:\/\/www.lktwg.com\/en\/#\/schema\/person\/6bdf16306d63f6890497ce5c248c00ab\",\"name\":\"Szymon Krupa\",\"image\":{\"@type\":\"ImageObject\",\"@id\":\"https:\/\/www.lktwg.com\/en\/#personlogo\",\"inLanguage\":\"en-US\",\"url\":\"https:\/\/secure.gravatar.com\/avatar\/c0e2b7c0f015fe0d6c14ac0951d89111?s=96&d=mm&r=g\",\"caption\":\"Szymon Krupa\"}}]}<\/script>\n<!-- \/ Yoast SEO plugin. -->","_links":{"self":[{"href":"https:\/\/www.lktwg.com\/en\/wp-json\/wp\/v2\/posts\/1043"}],"collection":[{"href":"https:\/\/www.lktwg.com\/en\/wp-json\/wp\/v2\/posts"}],"about":[{"href":"https:\/\/www.lktwg.com\/en\/wp-json\/wp\/v2\/types\/post"}],"author":[{"embeddable":true,"href":"https:\/\/www.lktwg.com\/en\/wp-json\/wp\/v2\/users\/4"}],"replies":[{"embeddable":true,"href":"https:\/\/www.lktwg.com\/en\/wp-json\/wp\/v2\/comments?post=1043"}],"version-history":[{"count":1,"href":"https:\/\/www.lktwg.com\/en\/wp-json\/wp\/v2\/posts\/1043\/revisions"}],"predecessor-version":[{"id":1052,"href":"https:\/\/www.lktwg.com\/en\/wp-json\/wp\/v2\/posts\/1043\/revisions\/1052"}],"wp:featuredmedia":[{"embeddable":true,"href":"https:\/\/www.lktwg.com\/en\/wp-json\/wp\/v2\/media\/1051"}],"wp:attachment":[{"href":"https:\/\/www.lktwg.com\/en\/wp-json\/wp\/v2\/media?parent=1043"}],"wp:term":[{"taxonomy":"category","embeddable":true,"href":"https:\/\/www.lktwg.com\/en\/wp-json\/wp\/v2\/categories?post=1043"},{"taxonomy":"post_tag","embeddable":true,"href":"https:\/\/www.lktwg.com\/en\/wp-json\/wp\/v2\/tags?post=1043"}],"curies":[{"name":"wp","href":"https:\/\/api.w.org\/{rel}","templated":true}]}}