{"id":1009,"date":"2017-05-18T07:11:24","date_gmt":"2017-05-18T05:11:24","guid":{"rendered":"http:\/\/www.lktwg.com\/?p=1009"},"modified":"2017-05-19T06:43:35","modified_gmt":"2017-05-19T04:43:35","slug":"50-rajd-torunski-nami","status":"publish","type":"post","link":"https:\/\/www.lktwg.com\/en\/50-rajd-torunski-nami\/","title":{"rendered":"50 Rajd Toru\u0144ski za nami"},"content":{"rendered":"<p class=\"qtranxs-available-languages-message qtranxs-available-languages-message-en\">Sorry, this entry is only available in <a href=\"https:\/\/www.lktwg.com\/pl\/wp-json\/wp\/v2\/posts\/1009\" class=\"qtranxs-available-language-link qtranxs-available-language-link-pl\" title=\"Polski\">Polish<\/a>. For the sake of viewer convenience, the content is shown below in the alternative language. You may click the link to switch the active language.<\/p><style type=\"text\/css\"><\/style><p>W minion\u0105 niedziel\u0119 <a class=\"profileLink\" href=\"https:\/\/www.facebook.com\/Automobilklub-Toru%C5%84ski-240667606025776\/?fref=mentions\" data-hovercard=\"\/ajax\/hovercard\/page.php?id=240667606025776&amp;extragetparams=%7B%22fref%22%3A%22mentions%22%7D\" data-hovercard-prefer-more-content-show=\"1\" data-hovercard-obj-id=\"240667606025776\">Automobilklub Toru\u0144ski<\/a> zorganizowa\u0142 jubileuszow\u0105 50 edycj\u0119 Rajdu Toru\u0144skiego. Na 4 odcinkach specjalnych rywalizowa\u0142o \u0142\u0105cznie 33 za\u0142\u00f3g w 4 klasach, w tym 6 aut w barwach LKT Wycz\u00f3\u0142 Go\u015bcieradz. Najlepiej poradzi\u0142a sobie za\u0142oga <a class=\"profileLink\" href=\"https:\/\/www.facebook.com\/maciej.zet.35?fref=mentions\" data-hovercard=\"\/ajax\/hovercard\/user.php?id=100001755833010&amp;extragetparams=%7B%22fref%22%3A%22mentions%22%7D\" data-hovercard-prefer-more-content-show=\"1\">Maciej \u017bwirko<\/a> (kierowca) i Micha\u0142 Jarczewski, kt\u00f3ra zaj\u0119\u0142a 1 miejsce w klasie aut z najmocniejszymi silnikami oraz 3 w generalce. Na drugim stopniu podium w klasie 3 oraz drugie w generalce zaj\u0105\u0142 duet <a class=\"profileLink\" href=\"https:\/\/www.facebook.com\/patryk.scieszynski?fref=mentions\" data-hovercard=\"\/ajax\/hovercard\/user.php?id=100001736733101&amp;extragetparams=%7B%22fref%22%3A%22mentions%22%7D\" data-hovercard-prefer-more-content-show=\"1\">Patryk Scieszynski<\/a> i <a class=\"profileLink\" href=\"https:\/\/www.facebook.com\/bartoszmichalski1984?fref=mentions\" data-hovercard=\"\/ajax\/hovercard\/user.php?id=100000178221251&amp;extragetparams=%7B%22fref%22%3A%22mentions%22%7D\" data-hovercard-prefer-more-content-show=\"1\">Bartek Michalski<\/a> jad\u0105cy Oplem <span class=\"text_exposed_show\">Astra Gsi, a 13 lokata nale\u017ca\u0142a do zespo\u0142u Micha\u0142 G\u0142ogowski i Tomek Banas. W klasyfikacji aut o pojemno\u015bci do 1600ccm 7 pozycja przypad\u0142a dla <a class=\"profileLink\" href=\"https:\/\/www.facebook.com\/profile.php?id=100004238646320&amp;fref=mentions\" data-hovercard=\"\/ajax\/hovercard\/user.php?id=100004238646320&amp;extragetparams=%7B%22fref%22%3A%22mentions%22%7D\" data-hovercard-prefer-more-content-show=\"1\">Kamil Zaroda<\/a> i Agnieszka Paszkiewicz. 2 oczka dalej \u0141ukasz Kasprzyk i Edyta Kasprzyk.<br \/>\nSerdecznie gratulujemy wynik\u00f3w.<\/span><\/p>\n<div class=\"text_exposed_show\">\n<p><a class=\"profileLink\" href=\"https:\/\/www.facebook.com\/FabrykaMocyTeam\/?fref=mentions\" data-hovercard=\"\/ajax\/hovercard\/page.php?id=762437280588669&amp;extragetparams=%7B%22fref%22%3A%22mentions%22%7D\" data-hovercard-prefer-more-content-show=\"1\" data-hovercard-obj-id=\"762437280588669\">Fabryka-Mocy.pl<\/a>, <a class=\"profileLink\" href=\"https:\/\/www.facebook.com\/scieszynski.rally.team\/?fref=mentions\" data-hovercard=\"\/ajax\/hovercard\/page.php?id=308234979374418&amp;extragetparams=%7B%22fref%22%3A%22mentions%22%7D\" data-hovercard-prefer-more-content-show=\"1\" data-hovercard-obj-id=\"308234979374418\">Scieszynski Rally Team<\/a><\/p>\n<\/div>\n<p><\/p>","protected":false},"excerpt":{"rendered":"<p>Sorry, this entry is only available in Polish. For the sake of viewer convenience, the content is shown below in the alternative language. You may click the link to switch the active language.W minion\u0105 niedziel\u0119 Automobilklub Toru\u0144ski zorganizowa\u0142 jubileuszow\u0105 50 edycj\u0119 Rajdu Toru\u0144skiego. Na 4 odcinkach specjalnych rywalizowa\u0142o \u0142\u0105cznie 33 za\u0142\u00f3g w 4 klasach, w&#8230;<\/p>\n","protected":false},"author":4,"featured_media":1013,"comment_status":"closed","ping_status":"open","sticky":false,"template":"","format":"gallery","meta":[],"categories":[9,8,10],"tags":[],"yoast_head":"<!-- This site is optimized with the Yoast SEO plugin v15.2.1 - https:\/\/yoast.com\/wordpress\/plugins\/seo\/ -->\n<title>50 Rajd Toru\u0144ski za nami - LKT Wycz\u00f3\u0142 Go\u015bcieradz Polska<\/title>\n<meta name=\"robots\" content=\"index, follow, max-snippet:-1, max-image-preview:large, max-video-preview:-1\" \/>\n<link rel=\"canonical\" href=\"https:\/\/www.lktwg.com\/en\/50-rajd-torunski-nami\/\" \/>\n<meta property=\"og:locale\" content=\"en_US\" \/>\n<meta property=\"og:type\" content=\"article\" \/>\n<meta property=\"og:title\" content=\"50 Rajd Toru\u0144ski za nami - LKT Wycz\u00f3\u0142 Go\u015bcieradz Polska\" \/>\n<meta property=\"og:description\" content=\"Sorry, this entry is only available in Polish. For the sake of viewer convenience, the content is shown below in the alternative language. You may click the link to switch the active language.W minion\u0105 niedziel\u0119 Automobilklub Toru\u0144ski zorganizowa\u0142 jubileuszow\u0105 50 edycj\u0119 Rajdu Toru\u0144skiego. Na 4 odcinkach specjalnych rywalizowa\u0142o \u0142\u0105cznie 33 za\u0142\u00f3g w 4 klasach, w...\" \/>\n<meta property=\"og:url\" content=\"https:\/\/www.lktwg.com\/en\/50-rajd-torunski-nami\/\" \/>\n<meta property=\"og:site_name\" content=\"LKT Wycz\u00f3\u0142 Go\u015bcieradz Polska\" \/>\n<meta property=\"article:publisher\" content=\"https:\/\/www.facebook.com\/lktwyczol\/\" \/>\n<meta property=\"article:published_time\" content=\"2017-05-18T05:11:24+00:00\" \/>\n<meta property=\"article:modified_time\" content=\"2017-05-19T04:43:35+00:00\" \/>\n<meta property=\"og:image\" content=\"https:\/\/www.lktwg.com\/wp-content\/uploads\/2017\/05\/18485324_792850044214059_703395909560487133_n.jpg\" \/>\n\t<meta property=\"og:image:width\" content=\"960\" \/>\n\t<meta property=\"og:image:height\" content=\"540\" \/>\n<meta name=\"twitter:card\" content=\"summary\" \/>\n<meta name=\"twitter:label1\" content=\"Written by\">\n\t<meta name=\"twitter:data1\" content=\"Szymon Krupa\">\n\t<meta name=\"twitter:label2\" content=\"Est. reading time\">\n\t<meta name=\"twitter:data2\" content=\"1 minute\">\n<script type=\"application\/ld+json\" class=\"yoast-schema-graph\">{\"@context\":\"https:\/\/schema.org\",\"@graph\":[{\"@type\":\"WebSite\",\"@id\":\"https:\/\/www.lktwg.com\/en\/#website\",\"url\":\"https:\/\/www.lktwg.com\/en\/\",\"name\":\"LKT Wycz\\u00f3\\u0142 Go\\u015bcieradz Polska\",\"description\":\"Ludowy Klub Turystyczny\",\"potentialAction\":[{\"@type\":\"SearchAction\",\"target\":\"https:\/\/www.lktwg.com\/en\/?s={search_term_string}\",\"query-input\":\"required name=search_term_string\"}],\"inLanguage\":\"en-US\"},{\"@type\":\"ImageObject\",\"@id\":\"https:\/\/www.lktwg.com\/en\/50-rajd-torunski-nami\/#primaryimage\",\"inLanguage\":\"en-US\",\"url\":\"https:\/\/www.lktwg.com\/wp-content\/uploads\/2017\/05\/18485324_792850044214059_703395909560487133_n.jpg\",\"width\":960,\"height\":540},{\"@type\":\"WebPage\",\"@id\":\"https:\/\/www.lktwg.com\/en\/50-rajd-torunski-nami\/#webpage\",\"url\":\"https:\/\/www.lktwg.com\/en\/50-rajd-torunski-nami\/\",\"name\":\"50 Rajd Toru\\u0144ski za nami - LKT Wycz\\u00f3\\u0142 Go\\u015bcieradz Polska\",\"isPartOf\":{\"@id\":\"https:\/\/www.lktwg.com\/en\/#website\"},\"primaryImageOfPage\":{\"@id\":\"https:\/\/www.lktwg.com\/en\/50-rajd-torunski-nami\/#primaryimage\"},\"datePublished\":\"2017-05-18T05:11:24+00:00\",\"dateModified\":\"2017-05-19T04:43:35+00:00\",\"author\":{\"@id\":\"https:\/\/www.lktwg.com\/en\/#\/schema\/person\/6bdf16306d63f6890497ce5c248c00ab\"},\"inLanguage\":\"en-US\",\"potentialAction\":[{\"@type\":\"ReadAction\",\"target\":[\"https:\/\/www.lktwg.com\/en\/50-rajd-torunski-nami\/\"]}]},{\"@type\":\"Person\",\"@id\":\"https:\/\/www.lktwg.com\/en\/#\/schema\/person\/6bdf16306d63f6890497ce5c248c00ab\",\"name\":\"Szymon Krupa\",\"image\":{\"@type\":\"ImageObject\",\"@id\":\"https:\/\/www.lktwg.com\/en\/#personlogo\",\"inLanguage\":\"en-US\",\"url\":\"https:\/\/secure.gravatar.com\/avatar\/c0e2b7c0f015fe0d6c14ac0951d89111?s=96&d=mm&r=g\",\"caption\":\"Szymon Krupa\"}}]}<\/script>\n<!-- \/ Yoast SEO plugin. -->","_links":{"self":[{"href":"https:\/\/www.lktwg.com\/en\/wp-json\/wp\/v2\/posts\/1009"}],"collection":[{"href":"https:\/\/www.lktwg.com\/en\/wp-json\/wp\/v2\/posts"}],"about":[{"href":"https:\/\/www.lktwg.com\/en\/wp-json\/wp\/v2\/types\/post"}],"author":[{"embeddable":true,"href":"https:\/\/www.lktwg.com\/en\/wp-json\/wp\/v2\/users\/4"}],"replies":[{"embeddable":true,"href":"https:\/\/www.lktwg.com\/en\/wp-json\/wp\/v2\/comments?post=1009"}],"version-history":[{"count":2,"href":"https:\/\/www.lktwg.com\/en\/wp-json\/wp\/v2\/posts\/1009\/revisions"}],"predecessor-version":[{"id":1015,"href":"https:\/\/www.lktwg.com\/en\/wp-json\/wp\/v2\/posts\/1009\/revisions\/1015"}],"wp:featuredmedia":[{"embeddable":true,"href":"https:\/\/www.lktwg.com\/en\/wp-json\/wp\/v2\/media\/1013"}],"wp:attachment":[{"href":"https:\/\/www.lktwg.com\/en\/wp-json\/wp\/v2\/media?parent=1009"}],"wp:term":[{"taxonomy":"category","embeddable":true,"href":"https:\/\/www.lktwg.com\/en\/wp-json\/wp\/v2\/categories?post=1009"},{"taxonomy":"post_tag","embeddable":true,"href":"https:\/\/www.lktwg.com\/en\/wp-json\/wp\/v2\/tags?post=1009"}],"curies":[{"name":"wp","href":"https:\/\/api.w.org\/{rel}","templated":true}]}}